{"id":33,"date":"2016-03-24T12:21:36","date_gmt":"2016-03-24T11:21:36","guid":{"rendered":"http:\/\/nowy.smaknis.pl\/?p=33"},"modified":"2025-09-07T23:43:36","modified_gmt":"2025-09-07T21:43:36","slug":"stolowka-szkolna","status":"publish","type":"post","link":"http:\/\/smaknis.pl\/index.php\/2016\/03\/24\/stolowka-szkolna\/","title":{"rendered":""},"content":{"rendered":"<h3><\/h3>\n<h3><\/h3>\n<h3><\/h3>\n<hr \/>\n<h1 class=\"page-title\">Sto\u0142\u00f3wka szkolna \u201eSmaknis w Szkole\u201d \u2013 Rok szkolny 2025\/2026<\/h1>\n<h3>\u017byczymy SMACZNEGO!!!!<\/h3>\n<h3>Zapraszamy na smaczne obiady<\/h3>\n<hr \/>\n<h1 class=\"page-title\">Sto\u0142\u00f3wka szkolna \u201eSmaknis w Szkole\u201d<\/h1>\n<h3><\/h3>\n<p>Przypominamy jednocze\u015bnie, \u017ce obiady odwo\u0142ane w pa\u017adzierniku 2020 r b\u0119d\u0105 rozliczane do ko\u0144ca roku szkolnego. Informacj\u0119 o ilo\u015bci niewykorzystanych obiad\u00f3w mo\u017cna uzyska\u0107 pod telefonem 502 390 149 lub mailowo: smaknis@smaknis.pl<\/p>\n<h3><strong>19.03.2021<\/strong><\/h3>\n<p><strong><span style=\"color: #000000;\">Informujemy, \u017ce w dniach\u00a0 22.03 &#8211; 09.04.2021 z powodu ponownego zamkni\u0119cia szk\u00f3\u0142, sto\u0142\u00f3wka nie b\u0119dzie wydawa\u0107 posi\u0142k\u00f3w w spos\u00f3b stacjonarny. Jednocze\u015bnie informujemy, \u017ce istnieje mo\u017cliwo\u015b\u0107 zam\u00f3wienia obiad\u00f3w w tych dniach na wynos.\u00a0 Odbi\u00f3r obiad\u00f3w mo\u017cliwy b\u0119dzie w godzinach 12:00 &#8211; 15:00 w sto\u0142\u00f3wce. Proponujemy r\u00f3wnie\u017c mo\u017cliwo\u015b\u0107 zam\u00f3wienia obiad\u00f3w z dowozem. Zam\u00f3wienia prosimy sk\u0142ada\u0107 telefonicznie pod numerem 502 390 149 lub mailem:\u00a0<a href=\"mailto:zamowienia@smaknis.pl\">zamowienia@smaknis.pl<\/a>. <span style=\"color: #ff0000;\">Niewykorzystane obiady abonamentowe b\u0119d\u0105 rozliczone w momencie powrotu dzieci do szko\u0142y. Nie ma konieczno\u015bci dodatkowego odwo\u0142ywania obiad\u00f3w za te dni.<\/span><\/span><\/strong><\/p>\n<p><span style=\"color: #ff0000;\"><strong>Prosimy jednocze\u015bnie rodzic\u00f3w klas 1 -3 o rozliczenie abonament\u00f3w za dni 2 &#8211; 6.11. W przypadku w\u0105tpliwo\u015bci co do wysoko\u015bci kwoty prosimy o kontakt.<\/strong><\/span><\/p>\n<h3>13.01.2021<\/h3>\n<h3><span style=\"color: #ff0000;\">Od 18.01 2021 b\u0119d\u0105 wydawane obiady dla uczni\u00f3w klas 1-3 w sto\u0142\u00f3wce szkolnej.<\/span><\/h3>\n<p>P\u0142atno\u015b\u0107 <a href=\"http:\/\/smaknis.pl\/index.php\/platnosci-sp\/\">za miesi\u0105c stycze\u0144 wg obowi\u0105zuj\u0105cych zasad.<\/a><\/p>\n<hr \/>\n<h3 style=\"text-align: center;\"><span style=\"color: #ff0000;\"><strong>WSZYSTKIE INFORMACJE W DOTYCZ\u0104CE OBIAD\u00d3W W STO\u0141\u00d3WCE W LISTOPADZIE 2020 B\u0118DZIE MO\u017bNA ZNALE\u0179\u0106 W TYM MIEJSCU<\/strong><\/span><span style=\"color: #ff0000;\"><strong>, Z UWZGL\u0118DNIENIEM BIE\u017b\u0104CYCH ZALECE\u0143 I NAKAZ\u00d3W DOTYCZ\u0104CY PRACY SZKO\u0141Y W ZWIAZKU Z COVID -19\u00a0 !!!<\/strong><\/span><span style=\"color: #ff0000;\"><strong>\u00a0<\/strong><\/span><\/h3>\n<p>04.11.2020<\/p>\n<p>Informujemy, \u017ce w dniach\u00a0 9.11 &#8211; 29.11 2020 sto\u0142\u00f3wka nie b\u0119dzie wydawa\u0107 posi\u0142k\u00f3w &#8211; w zwi\u0105zku z zamkni\u0119ciem szk\u00f3\u0142 &#8211; w spos\u00f3b stacjonarny. Aktualnie istnieje mo\u017cliwo\u015b\u0107 zam\u00f3wienia obiad\u00f3w w tych dniach na wynos.\u00a0 Odbi\u00f3r obiad\u00f3w mo\u017cliwy b\u0119dzie w <strong>godzinach 12:00 &#8211; 15:00<\/strong> w sto\u0142\u00f3wce. Proponujemy r\u00f3wnie\u017c mo\u017cliwo\u015b\u0107 zam\u00f3wienia obiad\u00f3w z dowozem. Zam\u00f3wienia prosimy sk\u0142ada\u0107 telefonicznie pod numerem 502 390 149 lub mailem:\u00a0<a href=\"mailto:zamowienia@smaknis.pl\">zamowienia@smaknis.pl<\/a><\/p>\n<h3 style=\"text-align: center;\">INFORMACJE DOTYCZ\u0104CE KLAS I &#8211; III<\/h3>\n<p>4.11.2020<\/p>\n<p><span style=\"color: #ff0000;\"><strong>Prosimy rodzic\u00f3w klas 1 -3 o rozliczenie abonament\u00f3w za dni 2 &#8211; 6.11. W przypadku w\u0105tpliwo\u015bci co do wysoko\u015bci kwoty prosimy o kontakt.<\/strong><\/span><\/p>\n<p>01.11.2020<\/p>\n<p>Bardzo prosimy rodzic\u00f3w dzieci z klas I &#8211; III o <strong>deklaracj\u0119<\/strong> czy b\u0119d\u0105 Pa\u0144stwo korzysta\u0107 z obiad\u00f3w w listopadzie 2020 r. do czasu ewentualnego zamkni\u0119cia zaj\u0119\u0107 w szkole dla najm\u0142odszych klas. Informacj\u0119 prosz\u0119 o przes\u0142anie na maila <a href=\"mailto:zamowienia@smaknis.pl\">zamowienia@smaknis.pl<\/a> lub sms&#8217;em na numer 502 390 149. <strong>Prosimy o wstrzymanie si\u0119 z p\u0142atno\u015bciami<\/strong> abonamentowymi do <strong>ko\u0144ca tego tygodnia<\/strong>. W tym czasie zapadn\u0105 prawdopodobnie decyzje co do sposobu dalszej pracy szko\u0142y. W tym tygodniu <strong>najwa\u017cniejsza jest informacja<\/strong> co ilo\u015bci posi\u0142k\u00f3w jakie sto\u0142\u00f3wka musi przygotowa\u0107 w poszczeg\u00f3lne dni.<\/p>\n<h3 style=\"text-align: center;\">INFORMACJE DOTYCZ\u0104CE KLAS IV &#8211; VIII<\/h3>\n<h3>01.11.2020<\/h3>\n<h3>Rodzic\u00f3w dzieci z klas IV &#8211; VIII prosimy o nie wp\u0142acanie op\u0142at abonamentowych za obiady w sto\u0142\u00f3wce szkolnej za miesi\u0105c listopad 2020 r, do czasu ustalenia daty powrotu dzieci do szko\u0142y. Przypominamy jednocze\u015bnie o mo\u017cliwo\u015bci odbioru zap\u0142aconych posi\u0142k\u00f3w pa\u017adziernikowych z opcj\u0105 obiad\u00f3w na wynos w listopadzie po wcze\u015bniejszym zg\u0142oszeniu pod numerem telefonu 502 390 149.<\/h3>\n<p>Abonamenty prosimy wp\u0142aca\u0107 jedynie w przypadku zam\u00f3wienia obiad\u00f3w na wynos lub obiad\u00f3w zamawianych z dowozem (w ograniczonym zakresie). Zam\u00f3wienia mo\u017cna zg\u0142asza\u0107 pod numerem telefonu 502 390 149 lub mailowo <a href=\"mailto:zamowienia@smaknis.pl\">zamowienia@smaknis.pl<\/a>.<\/p>\n<h3><\/h3>\n<h3>26.10.2020<\/h3>\n<h3>W zwi\u0105zku z tym, \u017ce w zaistnia\u0142ej sytuacji epidemicznej zosta\u0142y odwo\u0142ane zaj\u0119cia\u00a0 w klasach IV &#8211; VIII informujemy,\u00a0<strong>\u017ce nie jest wymagane zg\u0142aszanie rezygnacji<\/strong> z obiad\u00f3w w tym czasie, tj. do 6.11.2020r. Obiady automatycznie s\u0105 odwo\u0142ane, a <strong>wp\u0142aty przechodz\u0105 na kolejny okres wydawania obiad\u00f3w<\/strong>.<\/h3>\n<h2><span style=\"color: #ff0000;\"><strong>Informujemy jednocze\u015bnie, \u017ce jest mo\u017cliwy odbi\u00f3r w tym czasie obiad\u00f3w na wynos oraz w ograniczonym zakresie dow\u00f3z do domu. Prosimy o informacj\u0119 o ch\u0119ci skorzystania z takiej mo\u017cliwo\u015bci.\u00a0 Tel. 502 390 149.<\/strong><\/span><\/h2>\n<h3 style=\"text-align: center;\">Informacje na rok szkolny 2020\/21<\/h3>\n<h4>Op\u0142aty za obiady<\/h4>\n<ul>\n<li>Warunkiem skorzystania z obiad\u00f3w w sto\u0142\u00f3wce szkolnej jest wype\u0142nienie Karty Zg\u0142oszenia Dziecka na obiady i z\u0142o\u017cenie jej w sto\u0142\u00f3wce lub przes\u0142anie mailem pod adres <a href=\"mailto:smaknis@smaknis.pl\">smaknis@smaknis.pl<\/a>. Karta do pobrania\u00a0<a href=\"http:\/\/smaknis.pl\/wp-content\/uploads\/2016\/03\/karta_zgloszenia_na_obiady.pdf\"><em><strong>tutaj<\/strong><\/em><\/a><\/li>\n<li>Op\u0142aty <strong>abonamentowe\u00a0<\/strong>za obiady wrze\u015bniowe\u00a0<a href=\"http:\/\/smaknis.pl\/index.php\/platnosci-sp\/\">(szczeg\u00f3\u0142owe informacje i cennik tutaj)<\/a>\u00a0 nale\u017cy wnie\u015b\u0107 <b>do 01.09.2020r<\/b>\n<ul>\n<li class=\"widget-content\">Cena jednego obiadu abonamentowego dla uczni\u00f3w<strong> klas 1-3<\/strong> wynosi\u00a0 <strong>10,50<\/strong> z\u0142<\/li>\n<li class=\"widget-content\">Cena jednego obiadu abonamentowego dla uczni\u00f3w klas <strong>4-8<\/strong> wynosi\u00a0 <strong>11,50<\/strong> z\u0142<\/li>\n<\/ul>\n<\/li>\n<li>W dniu <strong>1.09 b\u0119dzie mo\u017cliwo\u015b\u0107 zakupu obiad\u00f3w<\/strong> w sklepiku szkolnym. Preferowana p\u0142atno\u015b\u0107 kart\u0105.<\/li>\n<li>Regulamin op\u0142at <a href=\"http:\/\/smaknis.pl\/index.php\/regulamin-oplat-za-obiady\/\">TUTAJ<\/a>.<\/li>\n<li>Zakup <strong>pojedynczego obiadu<\/strong> na dany dzie\u0144 mo\u017cliwe jest<strong> w sklepiku do godz. 9:00<\/strong> &#8211; koszt <strong>12,00 z\u0142<\/strong><\/li>\n<li>Przypominamy, \u017ce obiady niewykorzystane w marcu s\u0105 do odebrania we wrze\u015bniu. W przypadku w\u0105tpliwo\u015bci dotycz\u0105cych rozliczenia prosi,y o kontakt.<\/li>\n<\/ul>\n<h4>Wydawanie obiad\u00f3w<\/h4>\n<ul>\n<li>Obiady wydawane b\u0119d\u0105 <strong>od 2. wrze\u015bnia 2020 (\u015broda).<\/strong><\/li>\n<li>Obiady wydawane b\u0119d\u0105 zgodnie z harmonogramem ustalonym przez Dyrektora Szko\u0142y.<\/li>\n<li><span style=\"color: #ff0000;\">Bardzo prosimy uczni\u00f3w o dostosowanie si\u0119, z uwagi na re\u017cim sanitarny, do <a href=\"http:\/\/smaknis.pl\/wp-content\/uploads\/2016\/03\/procedury_smaknis-1.pdf\">regulaminu wydawania posi\u0142k\u00f3w<\/a>.<\/span><\/li>\n<\/ul>\n<h4>Odwo\u0142ania<\/h4>\n<ul>\n<li><strong>Zg\u0142aszania nieobecno\u015bci<\/strong> dziecka na obiadach od <strong>7<sup>00<\/sup> do godz. 8<sup>00<\/sup><\/strong> danego dnia \u2013 osobi\u015bcie w sto\u0142\u00f3wce lub<strong> sms<\/strong> pod numer telefonu <strong>502\u00a0390 149<\/strong>\u00a0 (tylko zg\u0142oszone nieobecno\u015bci b\u0119d\u0105 odliczone przy p\u0142atno\u015bci w nast\u0119pnym miesi\u0105cu). Pracownicy sto\u0142\u00f3wki nie s\u0105 informowani o planowanych przez szko\u0142\u0119 wyjazdach oraz wyj\u015bciach poszczeg\u00f3lnych klas. R\u00f3wnie\u017c takie nieobecno\u015bci wymagaj\u0105 zg\u0142oszenia przez rodzica\/opiekuna.<\/li>\n<li>Odliczenie obiad\u00f3w w nast\u0119pnym miesi\u0105cu mo\u017cliwe b\u0119dzie tylko i wy\u0142\u0105cznie po wcze\u015bniejszym zg\u0142oszeniu nieobecno\u015bci.<\/li>\n<\/ul>\n<h4>Zamkni\u0119cie szko\u0142y<\/h4>\n<ul>\n<li>W przypadku zamkni\u0119cia szko\u0142y &#8211; <strong>nie wymagane jest zg\u0142aszanie rezygnacji<\/strong> z obiad\u00f3w. Obiady automatycznie s\u0105 odwo\u0142ane, a <strong>wp\u0142aty przechodz\u0105 na kolejny okres wydawania obiad\u00f3w<\/strong>.<\/li>\n<li>Zap\u0142acone obiady mo\u017cna odebra\u0107 osobi\u015bcie w sto\u0142owce szkolnej (<a href=\"http:\/\/smaknis.pl\/index.php\/procedura-wydawania-posilkow-202021\/\">zgodnie z zasadami opisanymi w procedurach<\/a>)<\/li>\n<li>Zap\u0142acone obiady mo\u017cna zam\u00f3wi\u0107 z dowozem do domu po uprzednim ustaleniu telefonicznym 502390129.<\/li>\n<\/ul>\n<hr \/>\n<h3 style=\"text-align: center;\"><span style=\"color: #000000;\">Informujemy, \u017ce w okresie wakacyjnym istnieje mo\u017cliwo\u015b\u0107 <span style=\"color: #ff0000;\">zam\u00f3wienia rodzinnych obiad\u00f3w abonamentowych<\/span>. Cena obiadu abonamentowego wynosi <span style=\"color: #ff0000;\">12,50<\/span> wraz z opakowaniem.<\/span><\/h3>\n<p style=\"text-align: center;\"><strong>Istnieje r\u00f3wnie\u017c mo\u017cliwo\u015b\u0107 odebrnia w okresie wakacyjnym\u00a0 niewykorzystanych obiad\u00f3w zap\u0142aconych w marcu.\u00a0\u00a0<\/strong><\/p>\n<h4><strong>\u00a0<\/strong><\/h4>\n<h4 style=\"text-align: center;\"><span style=\"color: #339966;\">Szanowni Rodzice.<\/span><\/h4>\n<h4 style=\"text-align: center;\"><span style=\"color: #339966;\">W odpowiedzi na liczne pytania zwi\u0105zane z rozliczeniem obiad\u00f3w niewykrzystanych w bie\u017c\u0105cym roku szkolnym z powodu zamkni\u0119cia szk\u00f3\u0142 informujemy, \u017ce op\u0142aty wniesione w marcu za obiady b\u0119d\u0105 rozliczone przy p\u0142atno\u015bciach za wrzesie\u0144 w roku szkolnym 2020\/2021. Wyj\u0105tkiem s\u0105 dzieci klas 8, kt\u00f3re ko\u0144cz\u0105 w tym roku nasz\u0105 szko\u0142\u0119. Niewykorzystane kwoty abonament\u00f3w b\u0119d\u0105 zwr\u00f3cone przelewem na konto do ko\u0144ca czerwca 2020r.<\/span><\/h4>\n<p><span style=\"color: #339966;\">Przypominamy jednocze\u015bnie, \u017ce istnieje mo\u017cliwo\u015b\u0107 odbioru obiad\u00f3w w czerwcu w naszej sto\u0142\u00f3wce na wynos. Mo\u017cliwe jest r\u00f3wnie\u017c skorzystanie ze sto\u0142\u00f3wki w przypadku gdyby dziecko pojawia\u0142o si\u0119 na kosultacjach w szkole lub po 7.06 sytuacja si\u0119 jeszcze zmieni\u0142a.<\/span><\/p>\n<h2>\u00a0<span style=\"color: #ff0000;\"><strong>W zwi\u0105zku z zamkni\u0119ciem szk\u00f3\u0142 z powodu panuj\u0105cej epidemi koronowirusa informujemy, \u017ce sto\u0142\u00f3wka szkolna jest zamkni\u0119ta od 16.03.2020 do odwo\u0142ania. Obiady op\u0142acone za dni 16.03 &#8211; 31.03 b\u0119d\u0105 przeniesione na nast\u0119pny okres rozliczeniowy. Wydawanie obiad\u00f3w zostanie wznowione niezw\u0142ocznie po ponownym otwarciu szko\u0142y.\u00a0<\/strong><\/span><\/h2>\n<p><span style=\"color: #ff0000;\"><strong>Witamy po feriach!<\/strong><\/span><\/p>\n<p><span style=\"color: #ff0000;\"><strong><span style=\"color: #333333;\">Zapraszamy od poniedzia\u0142ku 10 lutego. Przypominamy o p\u0142atno\u015bci za obiady. Informacj\u0119 o wysoko\u015bci abonamentu mo\u017cna znale\u017a\u0107 <a href=\"http:\/\/smaknis.pl\/index.php\/platnosci-sp\/\">TUTAJ<\/a>.<\/span><\/strong><\/span><\/p>\n<p><span style=\"color: #ff0000;\"><strong>WA\u017bNE \/ UWAGA<\/strong><\/span><\/p>\n<p><strong>Dzie\u0144 <span style=\"color: #ff0000;\">31 pa\u017adziernika<\/span> jest dniem wolnym od zaj\u0119\u0107 dydaktycznych (szko\u0142a realizuje opiek\u0119 nad dzie\u0107mi).\u00a0 Sto\u0142\u00f3wka szkolna wydaje obiady jak w ka\u017cdy dzie\u0144. W przypadku nieobecno\u015bci dziecka przypominamy o <span style=\"color: #ff0000;\">konieczno\u015bci<\/span> <span style=\"color: #ff0000;\">odwo\u0142ania<\/span> obiadu do godziny 8:30.<\/strong><\/p>\n<p style=\"text-align: center;\"><span style=\"color: #000000;\"><strong>Dzie\u0144 <span style=\"color: #ff0000;\">14 pa\u017adziernika<\/span> (Dzie\u0144 Nauczyciela) jest dniem wolnym od zaj\u0119\u0107 dydaktycznych (szko\u0142a jest czynna ale zaj\u0119cia odbywaj\u0105 si\u0119 innym harmonogramem).\u00a0 <span style=\"color: #ff0000;\">Sto\u0142\u00f3wka szkolna wydaje obiady jak w ka\u017cdy dzie\u0144<\/span>. W przypadku nieobecno\u015bci dziecka przypominamy o <span style=\"color: #ff0000;\">konieczno\u015bci odwo\u0142ania obiadu do godziny 8:30<\/span>.<\/strong><\/span><\/p>\n<p style=\"text-align: center;\">Witamy wszystkich po wakacjach. Zaczynamy ju\u017c 2 wrze\u015bnia. Zapraszamy wszystkich nowych uczni\u00f3w szko\u0142y do spr\u00f3bowania naszych obiad\u00f3w. Jeste\u015bmy przekonani, \u017ce zostaniecie z nami ju\u017c do ko\u0144ca nauki w naszej szkole :).<\/p>\n<p>Rodzic\u00f3w prosimy o zapoznanie si\u0119 z zasadami pracy sto\u0142\u00f3wki, kt\u00f3re mo\u017cna znale\u015b\u0107 na naszej stronie w odpowiednich zak\u0142adkach.<\/p>\n<p>My zabieramy si\u0119 ju\u017c za gotowanie !!! Do zobaczenia w poniedzia\u0142ek.<\/p>\n<p style=\"text-align: center;\">Informujemy,<strong> \u017ce <span style=\"color: #ff0000;\">w czasie wakacji<\/span> istnieje m\u017cliwo\u015b\u0107 wykupienia obiad\u00f3w abonamentowych na miejsu lub na wynos. Zainteresowane osoby prosimy o kontakt tel. <span style=\"color: #ff0000;\"><em>502 390 149, 512 512 506 669<\/em>\u00a0<\/span> lub mailowy <span style=\"color: #ff0000;\"><em>smaknis@smaknis.pl<\/em><\/span>.<\/strong><\/p>\n<div id=\"content-content-inner\" class=\"container-content-inner\">\n<div id=\"widget-1deff072-afbe-32ce-2f4a-0a72eeb75d02\" class=\"widget widget-text\">\n<div class=\"widget-content\">\n<hr \/>\n<p style=\"text-align: center;\"><span style=\"color: #000000;\">W\u00a0CZERWCU,\u00a0<span style=\"color: #ff0000;\">nie ma mo\u017cliwo\u015bci odwo\u0142ywania obiad\u00f3w dla klas 8 SP i 3 Gimnazjum<\/span>, ze wzgl\u0119du na brak sposobu przeniesienia nieobecno\u015bci na nast\u0119pny miesi\u0105c. Zapraszamy po odbi\u00f3r obiad\u00f3w\u00a0\u00a0na wynos\u00a0od godz. 12:00 do godz. 17:00.<\/span><\/p>\n<hr \/>\n<p style=\"text-align: center;\"><span style=\"color: #000000;\"><strong>Szanowni Pa\u0144stwo!<\/strong><\/span><\/p>\n<p style=\"text-align: center;\"><span style=\"color: #000000;\"><strong>Maj jak co roku jest miesi\u0105cem wyjazd\u00f3w klasowych na zielone szko\u0142y. Prosimy pami\u0119ta\u0107 o odwo\u0142ywaniu obiad\u00f3w (r\u00f3wnie\u017c nie zap\u0142aconych &#8211; mamy pocz\u0105tek miesi\u0105ca). Sto\u0142owka nie jest szczeg\u00f3\u0142owo informowana przez szko\u0142\u0119 lub wychowawc\u00f3w kto i w jakim czasie b\u0119dzie nieobecny. Przpominamy, \u017ce obiad\u00f3w nie odwo\u0142anych nie b\u0119dzie mo\u017cna odliczy\u0107 w czerwcu.<\/strong><\/span><\/p>\n<hr \/>\n<p style=\"text-align: center;\"><span style=\"color: #000000;\"><strong>\u00a0\u00a0<\/strong><\/span><span style=\"color: #000000;\"><strong>W zwi\u0105zku z informacj\u0105 o zawieszeniu strajku informujemy, \u017ce wszystkie odwo\u0142ane obiady mo\u017cna odliczy\u0107 w maju. Ponownie zapraszamy wszystkch, kt\u00f3rzy odwo\u0142ali obiad &#8222;na czas strajku&#8221;. Przypominamy jednocze\u015bnie, aby przekaza\u0107 informacj\u0119 o przd\u0142u\u017ceniu odwo\u0142ania w przypadku nieobecno\u015bci dziecka w dniach 29-30 kwietnia.<\/strong><\/span><\/p>\n<p style=\"text-align: center;\"><span style=\"color: #ff0000;\"><strong> W dniach egzamin\u00f3w sto\u0142\u00f3wka jest czynna. Obiady wydawane s\u0105 w godzinach 11:00 &#8211; 14:00.<\/strong><\/span><\/p>\n<p style=\"text-align: center;\"><span style=\"color: #ff0000;\"><strong>W czasie trwania protestu nauczycieli kuchnia b\u0119dzie wydawa\u0107 posi\u0142ki, kt\u00f3re zosta\u0142y wcze\u015bniej wykupione w godzinach 11:00 do 14:00. Istnieje mo\u017cliwo\u015b\u0107 odbioru spakowanych obiad\u00f3w do domu. Wej\u015bcie do sto\u0142\u00f3wki bocznym wej\u015bciem. Jednocze\u015bnie prosimy o zg\u0142aszanie ewentualnych rezygnacji z obiad\u00f3w w trakcie trwania strajku. Odwo\u0142ane obiady b\u0119d\u0105 do wykorzystania w miesi\u0105cu maju.<\/strong><\/span><\/p>\n<hr \/>\n<p><strong>Wa\u017cne!<\/strong><\/p>\n<p><strong>\u00a0 \u00a0 Informujemy, \u017ce\u00a0 ka\u017cdy ucze\u0144 jedz\u0105cy obiady w naszej sto\u0142\u00f3wce ma mo\u017cliwo\u015b\u0107 otrzymania tzw. &#8222;dok\u0142adki&#8221; do obiadu zakupionego w danym dniu. Zdaj\u0105c sobie spraw\u0119, \u017ce wiek dorastania ma swoje prawa :),\u00a0 zach\u0119camy\u00a0 ch\u0119tnych do korzystania z tej mo\u017cliwo\u015bci. &#8222;Dok\u0142adki&#8221; s\u0105 wydawane poza kolejno\u015bci\u0105.<\/strong><\/p>\n<hr \/>\n<p>Szanowni Rodzice, drodzy Uczniowie,<\/p>\n<p>Witamy w nowym roku szkolnym 2018\/2019.<\/p>\n<p><img loading=\"lazy\" decoding=\"async\" class=\"size-medium wp-image-103 alignleft\" src=\"http:\/\/nowy.smaknis.pl\/wp-content\/uploads\/2016\/03\/smaknis-w-szkole-275x300.jpg\" alt=\"smaknis w szkole\" width=\"275\" height=\"300\" srcset=\"http:\/\/smaknis.pl\/wp-content\/uploads\/2016\/03\/smaknis-w-szkole-275x300.jpg 275w, http:\/\/smaknis.pl\/wp-content\/uploads\/2016\/03\/smaknis-w-szkole.jpg 378w\" sizes=\"(max-width: 275px) 100vw, 275px\" \/>Od 1 stycznia 2013 roku zajmujemy si\u0119 przygotowaniem posi\u0142k\u00f3w w sto\u0142\u00f3wce szkolnej \u00a0Gimnazjum nr 16 obecnie Szko\u0142a Podstawowa nr 33.\u00a0<span style=\"line-height: 1.5;\">Jeste\u015bmy przekonani, \u017ce \u201e<\/span><strong style=\"line-height: 1.5;\"><em>W\u00a0szkole te\u017c mo\u017cna dobrze zje\u015b\u0107<\/em><\/strong><span style=\"line-height: 1.5;\">\u201d. Do\u015bwiadczenie, kt\u00f3re posiadamy pozwala nam zapewni\u0107, \u017ce obiady podawane w sto\u0142\u00f3wce spe\u0142ni\u0105 oczekiwania zar\u00f3wno uczni\u00f3w jak i rodzic\u00f3w.<\/span><\/p>\n<p>Przyrz\u0105dzamy posi\u0142ki w kuchni szkolnej wy\u0142\u0105cznie z naturalnych produkt\u00f3w, korzystamy ze sprawdzonych dostawc\u00f3w spe\u0142niaj\u0105cych wszelkie normy. Wyeliminowali\u015bmy ca\u0142kowicie przyprawy zawieraj\u0105ce szkodliwe sk\u0142adniki i konserwanty, zast\u0119puj\u0105c je ca\u0142\u0105 gam\u0105 zi\u00f3\u0142 i przypraw korzennych. Gotujemy wed\u0142ug prostych i smacznych przepis\u00f3w. Jednocze\u015bnie, kiedy jest to tylko mo\u017cliwe proponujemy poznanie nowych smak\u00f3w.<\/p>\n<p>Nasza dba\u0142o\u015b\u0107 w przygotowanie posi\u0142k\u00f3w zaowocowa\u0142a podczas niedawnej kontroli SANEPID\u2019u bardzo wysok\u0105 ocen\u0105 jako\u015bci podawanych potraw.<\/p>\n<p>Zach\u0119camy do zapoznania si\u0119 z <a href=\"http:\/\/smaknis.pl\/index.php\/platnosci-sp\/\">informacjami na temat obiad\u00f3w<\/a>,\u00a0<a href=\"http:\/\/smaknis.pl\/index.php\/jadlospis-szkola\/\">aktualnym jad\u0142ospisem<\/a> oraz <a href=\"http:\/\/smaknis.pl\/index.php\/regulamin-oplat-za-obiady\/\">regulaminem korzystania ze sto\u0142\u00f3wki.<\/a><\/p>\n<p>\u017byczymy Smacznego!<\/p>\n<\/div>\n<\/div>\n<\/div>\n","protected":false},"excerpt":{"rendered":"<p>Sto\u0142\u00f3wka szkolna \u201eSmaknis w Szkole\u201d \u2013 Rok szkolny 2025\/2026 \u017byczymy SMACZNEGO!!!! Zapraszamy na smaczne obiady Sto\u0142\u00f3wka szkolna \u201eSmaknis w Szkole\u201d&hellip;<\/p>\n","protected":false},"author":1,"featured_media":0,"comment_status":"closed","ping_status":"open","sticky":false,"template":"","format":"standard","meta":{"footnotes":""},"categories":[1,3],"tags":[9,7,8],"class_list":["post-33","post","type-post","status-publish","format-standard","hentry","category-akt","category-sp","tag-naturalne-gotowanie","tag-stolowka-szkolna","tag-zywienie"],"jetpack_sharing_enabled":true,"jetpack_featured_media_url":"","_links":{"self":[{"href":"http:\/\/smaknis.pl\/index.php\/wp-json\/wp\/v2\/posts\/33"}],"collection":[{"href":"http:\/\/smaknis.pl\/index.php\/wp-json\/wp\/v2\/posts"}],"about":[{"href":"http:\/\/smaknis.pl\/index.php\/wp-json\/wp\/v2\/types\/post"}],"author":[{"embeddable":true,"href":"http:\/\/smaknis.pl\/index.php\/wp-json\/wp\/v2\/users\/1"}],"replies":[{"embeddable":true,"href":"http:\/\/smaknis.pl\/index.php\/wp-json\/wp\/v2\/comments?post=33"}],"version-history":[{"count":76,"href":"http:\/\/smaknis.pl\/index.php\/wp-json\/wp\/v2\/posts\/33\/revisions"}],"predecessor-version":[{"id":1482,"href":"http:\/\/smaknis.pl\/index.php\/wp-json\/wp\/v2\/posts\/33\/revisions\/1482"}],"wp:attachment":[{"href":"http:\/\/smaknis.pl\/index.php\/wp-json\/wp\/v2\/media?parent=33"}],"wp:term":[{"taxonomy":"category","embeddable":true,"href":"http:\/\/smaknis.pl\/index.php\/wp-json\/wp\/v2\/categories?post=33"},{"taxonomy":"post_tag","embeddable":true,"href":"http:\/\/smaknis.pl\/index.php\/wp-json\/wp\/v2\/tags?post=33"}],"curies":[{"name":"wp","href":"https:\/\/api.w.org\/{rel}","templated":true}]}}